{"id":4295,"date":"2023-10-11T11:08:27","date_gmt":"2023-10-11T09:08:27","guid":{"rendered":"https:\/\/www.okzt.at\/?p=4295"},"modified":"2023-10-31T12:15:54","modified_gmt":"2023-10-31T11:15:54","slug":"opening-ok-kunzt-season-3","status":"publish","type":"post","link":"https:\/\/www.okzt.at\/en\/news-en\/opening-ok-kunzt-season-3\/","title":{"rendered":"Opening OK.KunZT Season 3"},"content":{"rendered":"<p>[et_pb_section fb_built=&#8221;1&#8243; admin_label=&#8221;Sektion&#8221; _builder_version=&#8221;4.16&#8243; da_disable_devices=&#8221;off|off|off&#8221; locked=&#8221;off&#8221; global_colors_info=&#8221;{}&#8221; da_is_popup=&#8221;off&#8221; da_exit_intent=&#8221;off&#8221; da_has_close=&#8221;on&#8221; da_alt_close=&#8221;off&#8221; da_dark_close=&#8221;off&#8221; da_not_modal=&#8221;on&#8221; da_is_singular=&#8221;off&#8221; da_with_loader=&#8221;off&#8221; da_has_shadow=&#8221;on&#8221;][et_pb_row custom_padding_last_edited=&#8221;on|phone&#8221; _builder_version=&#8221;4.16&#8243; custom_padding=&#8221;||250px||false|false&#8221; custom_padding_tablet=&#8221;||150px||false|false&#8221; custom_padding_phone=&#8221;||0px||false|false&#8221; global_colors_info=&#8221;{}&#8221;][et_pb_column type=&#8221;4_4&#8243; _builder_version=&#8221;4.16&#8243; global_colors_info=&#8221;{}&#8221;][\/et_pb_column][\/et_pb_row][\/et_pb_section][et_pb_section fb_built=&#8221;1&#8243; admin_label=&#8221;Sektion&#8221; _builder_version=&#8221;4.16&#8243; background_color=&#8221;#121212&#8243; custom_margin=&#8221;||||false|false&#8221; da_disable_devices=&#8221;off|off|off&#8221; locked=&#8221;off&#8221; global_colors_info=&#8221;{}&#8221; da_is_popup=&#8221;off&#8221; da_exit_intent=&#8221;off&#8221; da_has_close=&#8221;on&#8221; da_alt_close=&#8221;off&#8221; da_dark_close=&#8221;off&#8221; da_not_modal=&#8221;on&#8221; da_is_singular=&#8221;off&#8221; da_with_loader=&#8221;off&#8221; da_has_shadow=&#8221;on&#8221;][et_pb_row custom_padding_last_edited=&#8221;on|phone&#8221; _builder_version=&#8221;4.16&#8243; custom_padding_tablet=&#8221;&#8221; custom_padding_phone=&#8221;||0px||false|false&#8221; global_colors_info=&#8221;{}&#8221;][et_pb_column type=&#8221;4_4&#8243; _builder_version=&#8221;4.16&#8243; custom_padding_tablet=&#8221;0px||||false|false&#8221; custom_padding_phone=&#8221;0px||||false|false&#8221; custom_padding_last_edited=&#8221;off|desktop&#8221; global_colors_info=&#8221;{}&#8221;][et_pb_image src=&#8221;https:\/\/www.okzt.at\/wp-content\/uploads\/2023\/10\/Schaflechner-Peter_FotoDSC09591-scaled.jpg&#8221; alt=&#8221;Opening OK.KunZT Season 3&#8243; title_text=&#8221;Schaflechner Peter_FotoDSC09591&#8243; align=&#8221;center&#8221; _builder_version=&#8221;4.22.2&#8243; custom_margin=&#8221;-400px||||false|false&#8221; custom_margin_tablet=&#8221;-350px||||false|false&#8221; custom_margin_phone=&#8221;-200px||||false|false&#8221; custom_margin_last_edited=&#8221;on|phone&#8221; custom_padding=&#8221;||||false|false&#8221; global_colors_info=&#8221;{}&#8221;][\/et_pb_image][\/et_pb_column][\/et_pb_row][et_pb_row use_custom_gutter=&#8221;on&#8221; gutter_width=&#8221;2&#8243; _builder_version=&#8221;4.16&#8243; global_colors_info=&#8221;{}&#8221;][et_pb_column type=&#8221;4_4&#8243; _builder_version=&#8221;4.16&#8243; global_colors_info=&#8221;{}&#8221;][et_pb_text admin_label=&#8221;Er\u00f6ffnung OK.KunZT Season 3&#8243; _builder_version=&#8221;4.22.2&#8243; text_text_color=&#8221;rgba(255,255,255,0.7)&#8221; text_line_height=&#8221;1.8em&#8221; header_2_text_color=&#8221;#ffffff&#8221; global_colors_info=&#8221;{}&#8221;]<\/p>\n<h2 class=\"p1\">Er\u00f6ffnung OK.KunZT Season 3<\/h2>\n<p class=\"p1\">Am Samstag, den 7. Oktober 2023, fand im Rahmen der Lange Nacht der Museen die Er\u00f6ffnung unserer dritten Ausstellungsreihe von OK.KunZT statt. F\u00fcr OK.KunZT Season 3 ziert ab sofort die\u00a0begehbare Rauminstallation von<strong> Darja Shatalova<\/strong> mit <strong>&gt;WAKING UP (AFTER 1030 DAYS)&lt;<\/strong> die Eingangshalle unseres B\u00fcrogeb\u00e4udes.<\/p>\n<p>Die Ausstellung stellt eine installative \u00dcbersetzung von Informationen dar, die von Shatalova k\u00fcnstlerisch codiert wurden. Das Thema dabei ist das Erleben und vor allem die Bew\u00e4ltigung der Pandemie. <a href=\"https:\/\/www.okzt.at\/en\/ok-kunzt\/darja-shatalova-waking-up-after-1030-days\/\">Mehr Informationen zur Ausstellung und zur K\u00fcnstlerin findet man hier.\u00a0\u00a0<\/a><\/p>\n<p>Highlight des Abends war unter anderem auch die live Zeichenperformance, bei der die K\u00fcnstlerin eine Zeichnung am Schaufenster unseres Geb\u00e4udes komplettierte.\u00a0<\/p>\n<p>Ein gro\u00dfes Dankesch\u00f6n an alle Besucher, Freunde, Kollegen und selbstverst\u00e4ndlich unseren Partner die <a href=\"https:\/\/www.galerie3.com\/\">Galerie3<\/a> f\u00fcr einen gelungenen Er\u00f6ffnungsabend!\u00a0<\/p>\n<p>Die Ausstellung ist noch bis M\u00e4rz 2024 zu unseren gewohnten B\u00fcro\u00f6ffnungszeiten frei zug\u00e4nglich!\u00a0<\/p>\n<p>&nbsp;<\/p>\n<p>[\/et_pb_text][et_pb_gallery gallery_ids=&#8221;4291,4289,4287,4285,4283,4281&#8243; _builder_version=&#8221;4.22.2&#8243; _module_preset=&#8221;default&#8221; global_colors_info=&#8221;{}&#8221;][\/et_pb_gallery][\/et_pb_column][\/et_pb_row][\/et_pb_section][et_pb_section fb_built=&#8221;1&#8243; _builder_version=&#8221;4.16&#8243; background_color=&#8221;#242424&#8243; custom_padding=&#8221;0px||0px||false|false&#8221; da_disable_devices=&#8221;off|off|off&#8221; locked=&#8221;off&#8221; global_colors_info=&#8221;{}&#8221; da_is_popup=&#8221;off&#8221; da_exit_intent=&#8221;off&#8221; da_has_close=&#8221;on&#8221; da_alt_close=&#8221;off&#8221; da_dark_close=&#8221;off&#8221; da_not_modal=&#8221;on&#8221; da_is_singular=&#8221;off&#8221; da_with_loader=&#8221;off&#8221; da_has_shadow=&#8221;on&#8221;][et_pb_row _builder_version=&#8221;4.16&#8243; global_colors_info=&#8221;{}&#8221;][et_pb_column type=&#8221;4_4&#8243; _builder_version=&#8221;4.16&#8243; global_colors_info=&#8221;{}&#8221;][et_pb_post_nav _builder_version=&#8221;4.16&#8243; global_colors_info=&#8221;{}&#8221;][\/et_pb_post_nav][\/et_pb_column][\/et_pb_row][\/et_pb_section][et_pb_section fb_built=&#8221;1&#8243; _builder_version=&#8221;4.21.0&#8243; _module_preset=&#8221;default&#8221; da_disable_devices=&#8221;off|off|off&#8221; global_colors_info=&#8221;{}&#8221; da_is_popup=&#8221;off&#8221; da_exit_intent=&#8221;off&#8221; da_has_close=&#8221;on&#8221; da_alt_close=&#8221;off&#8221; da_dark_close=&#8221;off&#8221; da_not_modal=&#8221;on&#8221; da_is_singular=&#8221;off&#8221; da_with_loader=&#8221;off&#8221; da_has_shadow=&#8221;on&#8221;][et_pb_row _builder_version=&#8221;4.21.0&#8243; _module_preset=&#8221;default&#8221; global_colors_info=&#8221;{}&#8221;][et_pb_column type=&#8221;4_4&#8243; _builder_version=&#8221;4.21.0&#8243; _module_preset=&#8221;default&#8221; global_colors_info=&#8221;{}&#8221;][et_pb_image _builder_version=&#8221;4.21.0&#8243; _module_preset=&#8221;default&#8221; global_colors_info=&#8221;{}&#8221;][\/et_pb_image][\/et_pb_column][\/et_pb_row][\/et_pb_section][et_pb_section fb_built=&#8221;1&#8243; _builder_version=&#8221;4.22.1&#8243; _module_preset=&#8221;default&#8221; da_disable_devices=&#8221;off|off|off&#8221; global_colors_info=&#8221;{}&#8221; da_is_popup=&#8221;off&#8221; da_exit_intent=&#8221;off&#8221; da_has_close=&#8221;on&#8221; da_alt_close=&#8221;off&#8221; da_dark_close=&#8221;off&#8221; da_not_modal=&#8221;on&#8221; da_is_singular=&#8221;off&#8221; da_with_loader=&#8221;off&#8221; da_has_shadow=&#8221;on&#8221;][et_pb_row _builder_version=&#8221;4.22.1&#8243; _module_preset=&#8221;default&#8221; global_colors_info=&#8221;{}&#8221;][et_pb_column type=&#8221;4_4&#8243; _builder_version=&#8221;4.22.1&#8243; _module_preset=&#8221;default&#8221; global_colors_info=&#8221;{}&#8221;][\/et_pb_column][\/et_pb_row][\/et_pb_section]<\/p>\n","protected":false},"excerpt":{"rendered":"<p>Er\u00f6ffnung OK.KunZT Season 3 Am Samstag, den 7. Oktober 2023, fand im Rahmen der Lange Nacht der Museen die Er\u00f6ffnung unserer dritten Ausstellungsreihe von OK.KunZT statt. F\u00fcr OK.KunZT Season 3 ziert ab sofort die\u00a0begehbare Rauminstallation von Darja Shatalova mit &gt;WAKING UP (AFTER 1030 DAYS)&lt; die Eingangshalle unseres B\u00fcrogeb\u00e4udes. Die Ausstellung stellt eine installative \u00dcbersetzung von [&hellip;]<\/p>\n","protected":false},"author":5,"featured_media":4283,"comment_status":"closed","ping_status":"closed","sticky":false,"template":"","format":"standard","meta":{"_et_pb_use_builder":"on","_et_pb_old_content":"","_et_gb_content_width":"","inline_featured_image":false,"footnotes":""},"categories":[18],"tags":[],"class_list":["post-4295","post","type-post","status-publish","format-standard","has-post-thumbnail","hentry","category-news-en"],"yoast_head":"<!-- This site is optimized with the Yoast SEO plugin v27.5 - https:\/\/yoast.com\/product\/yoast-seo-wordpress\/ -->\n<title>Opening OK.KunZT Season 3 - OK Civil Engineers<\/title>\n<meta name=\"robots\" content=\"index, follow, max-snippet:-1, max-image-preview:large, max-video-preview:-1\" \/>\n<link rel=\"canonical\" href=\"https:\/\/www.okzt.at\/en\/news-en\/opening-ok-kunzt-season-3\/\" \/>\n<meta property=\"og:locale\" content=\"en_US\" \/>\n<meta property=\"og:type\" content=\"article\" \/>\n<meta property=\"og:title\" content=\"Opening OK.KunZT Season 3 - OK Civil Engineers\" \/>\n<meta property=\"og:description\" content=\"Er\u00f6ffnung OK.KunZT Season 3 Am Samstag, den 7. Oktober 2023, fand im Rahmen der Lange Nacht der Museen die Er\u00f6ffnung unserer dritten Ausstellungsreihe von OK.KunZT statt. F\u00fcr OK.KunZT Season 3 ziert ab sofort die\u00a0begehbare Rauminstallation von Darja Shatalova mit &gt;WAKING UP (AFTER 1030 DAYS)&lt; die Eingangshalle unseres B\u00fcrogeb\u00e4udes. Die Ausstellung stellt eine installative \u00dcbersetzung von [&hellip;]\" \/>\n<meta property=\"og:url\" content=\"https:\/\/www.okzt.at\/en\/news-en\/opening-ok-kunzt-season-3\/\" \/>\n<meta property=\"og:site_name\" content=\"OK Civil Engineers\" \/>\n<meta property=\"article:published_time\" content=\"2023-10-11T09:08:27+00:00\" \/>\n<meta property=\"article:modified_time\" content=\"2023-10-31T11:15:54+00:00\" \/>\n<meta property=\"og:image\" content=\"https:\/\/www.okzt.at\/wp-content\/uploads\/2023\/10\/Schaflechner-Peter_FotoDSC09591-scaled.jpg\" \/>\n\t<meta property=\"og:image:width\" content=\"2560\" \/>\n\t<meta property=\"og:image:height\" content=\"1710\" \/>\n\t<meta property=\"og:image:type\" content=\"image\/jpeg\" \/>\n<meta name=\"author\" content=\"Anna Brandreact\" \/>\n<meta name=\"twitter:card\" content=\"summary_large_image\" \/>\n<meta name=\"twitter:label1\" content=\"Written by\" \/>\n\t<meta name=\"twitter:data1\" content=\"Anna Brandreact\" \/>\n\t<meta name=\"twitter:label2\" content=\"Est. reading time\" \/>\n\t<meta name=\"twitter:data2\" content=\"4 minutes\" \/>\n<script type=\"application\/ld+json\" class=\"yoast-schema-graph\">{\"@context\":\"https:\\\/\\\/schema.org\",\"@graph\":[{\"@type\":\"Article\",\"@id\":\"https:\\\/\\\/www.okzt.at\\\/en\\\/news-en\\\/opening-ok-kunzt-season-3\\\/#article\",\"isPartOf\":{\"@id\":\"https:\\\/\\\/www.okzt.at\\\/en\\\/news-en\\\/opening-ok-kunzt-season-3\\\/\"},\"author\":{\"name\":\"Anna Brandreact\",\"@id\":\"https:\\\/\\\/www.okzt.at\\\/#\\\/schema\\\/person\\\/2e634be282602cba1bd8b6e6df2bd94d\"},\"headline\":\"Opening OK.KunZT Season 3\",\"datePublished\":\"2023-10-11T09:08:27+00:00\",\"dateModified\":\"2023-10-31T11:15:54+00:00\",\"mainEntityOfPage\":{\"@id\":\"https:\\\/\\\/www.okzt.at\\\/en\\\/news-en\\\/opening-ok-kunzt-season-3\\\/\"},\"wordCount\":818,\"publisher\":{\"@id\":\"https:\\\/\\\/www.okzt.at\\\/#organization\"},\"image\":{\"@id\":\"https:\\\/\\\/www.okzt.at\\\/en\\\/news-en\\\/opening-ok-kunzt-season-3\\\/#primaryimage\"},\"thumbnailUrl\":\"https:\\\/\\\/www.okzt.at\\\/wp-content\\\/uploads\\\/2023\\\/10\\\/Schaflechner-Peter_FotoDSC09591-scaled.jpg\",\"articleSection\":[\"News\"],\"inLanguage\":\"en-US\"},{\"@type\":\"WebPage\",\"@id\":\"https:\\\/\\\/www.okzt.at\\\/en\\\/news-en\\\/opening-ok-kunzt-season-3\\\/\",\"url\":\"https:\\\/\\\/www.okzt.at\\\/en\\\/news-en\\\/opening-ok-kunzt-season-3\\\/\",\"name\":\"Opening OK.KunZT Season 3 - OK Civil Engineers\",\"isPartOf\":{\"@id\":\"https:\\\/\\\/www.okzt.at\\\/#website\"},\"primaryImageOfPage\":{\"@id\":\"https:\\\/\\\/www.okzt.at\\\/en\\\/news-en\\\/opening-ok-kunzt-season-3\\\/#primaryimage\"},\"image\":{\"@id\":\"https:\\\/\\\/www.okzt.at\\\/en\\\/news-en\\\/opening-ok-kunzt-season-3\\\/#primaryimage\"},\"thumbnailUrl\":\"https:\\\/\\\/www.okzt.at\\\/wp-content\\\/uploads\\\/2023\\\/10\\\/Schaflechner-Peter_FotoDSC09591-scaled.jpg\",\"datePublished\":\"2023-10-11T09:08:27+00:00\",\"dateModified\":\"2023-10-31T11:15:54+00:00\",\"breadcrumb\":{\"@id\":\"https:\\\/\\\/www.okzt.at\\\/en\\\/news-en\\\/opening-ok-kunzt-season-3\\\/#breadcrumb\"},\"inLanguage\":\"en-US\",\"potentialAction\":[{\"@type\":\"ReadAction\",\"target\":[\"https:\\\/\\\/www.okzt.at\\\/en\\\/news-en\\\/opening-ok-kunzt-season-3\\\/\"]}]},{\"@type\":\"ImageObject\",\"inLanguage\":\"en-US\",\"@id\":\"https:\\\/\\\/www.okzt.at\\\/en\\\/news-en\\\/opening-ok-kunzt-season-3\\\/#primaryimage\",\"url\":\"https:\\\/\\\/www.okzt.at\\\/wp-content\\\/uploads\\\/2023\\\/10\\\/Schaflechner-Peter_FotoDSC09591-scaled.jpg\",\"contentUrl\":\"https:\\\/\\\/www.okzt.at\\\/wp-content\\\/uploads\\\/2023\\\/10\\\/Schaflechner-Peter_FotoDSC09591-scaled.jpg\",\"width\":2560,\"height\":1710,\"caption\":\"Er\u00f6ffnung OK.KunZT Season 3\"},{\"@type\":\"BreadcrumbList\",\"@id\":\"https:\\\/\\\/www.okzt.at\\\/en\\\/news-en\\\/opening-ok-kunzt-season-3\\\/#breadcrumb\",\"itemListElement\":[{\"@type\":\"ListItem\",\"position\":1,\"name\":\"Home\",\"item\":\"https:\\\/\\\/www.okzt.at\\\/\"},{\"@type\":\"ListItem\",\"position\":2,\"name\":\"Opening OK.KunZT Season 3\"}]},{\"@type\":\"WebSite\",\"@id\":\"https:\\\/\\\/www.okzt.at\\\/#website\",\"url\":\"https:\\\/\\\/www.okzt.at\\\/\",\"name\":\"OK Ziviltechniker\",\"description\":\"Every Project Has Its Genesis\",\"publisher\":{\"@id\":\"https:\\\/\\\/www.okzt.at\\\/#organization\"},\"potentialAction\":[{\"@type\":\"SearchAction\",\"target\":{\"@type\":\"EntryPoint\",\"urlTemplate\":\"https:\\\/\\\/www.okzt.at\\\/?s={search_term_string}\"},\"query-input\":{\"@type\":\"PropertyValueSpecification\",\"valueRequired\":true,\"valueName\":\"search_term_string\"}}],\"inLanguage\":\"en-US\"},{\"@type\":\"Organization\",\"@id\":\"https:\\\/\\\/www.okzt.at\\\/#organization\",\"name\":\"OK Ziviltechniker\",\"url\":\"https:\\\/\\\/www.okzt.at\\\/\",\"logo\":{\"@type\":\"ImageObject\",\"inLanguage\":\"en-US\",\"@id\":\"https:\\\/\\\/www.okzt.at\\\/#\\\/schema\\\/logo\\\/image\\\/\",\"url\":\"https:\\\/\\\/www.okzt.at\\\/wp-content\\\/uploads\\\/2023\\\/06\\\/OK_logo-1.png\",\"contentUrl\":\"https:\\\/\\\/www.okzt.at\\\/wp-content\\\/uploads\\\/2023\\\/06\\\/OK_logo-1.png\",\"width\":122,\"height\":70,\"caption\":\"OK Ziviltechniker\"},\"image\":{\"@id\":\"https:\\\/\\\/www.okzt.at\\\/#\\\/schema\\\/logo\\\/image\\\/\"},\"sameAs\":[\"https:\\\/\\\/www.linkedin.com\\\/company\\\/ok-zt-gmbh\\\/\",\"https:\\\/\\\/www.instagram.com\\\/okzt_gmbh\"]},{\"@type\":\"Person\",\"@id\":\"https:\\\/\\\/www.okzt.at\\\/#\\\/schema\\\/person\\\/2e634be282602cba1bd8b6e6df2bd94d\",\"name\":\"Anna Brandreact\",\"image\":{\"@type\":\"ImageObject\",\"inLanguage\":\"en-US\",\"@id\":\"https:\\\/\\\/secure.gravatar.com\\\/avatar\\\/24955ab7969873d1bc632b73544e079bc822d7f4bbae31f966976b4227aa2f92?s=96&d=mm&r=g\",\"url\":\"https:\\\/\\\/secure.gravatar.com\\\/avatar\\\/24955ab7969873d1bc632b73544e079bc822d7f4bbae31f966976b4227aa2f92?s=96&d=mm&r=g\",\"contentUrl\":\"https:\\\/\\\/secure.gravatar.com\\\/avatar\\\/24955ab7969873d1bc632b73544e079bc822d7f4bbae31f966976b4227aa2f92?s=96&d=mm&r=g\",\"caption\":\"Anna Brandreact\"},\"url\":\"https:\\\/\\\/www.okzt.at\\\/en\\\/author\\\/annabr\\\/\"}]}<\/script>\n<!-- \/ Yoast SEO plugin. -->","yoast_head_json":{"title":"Opening OK.KunZT Season 3 - OK Civil Engineers","robots":{"index":"index","follow":"follow","max-snippet":"max-snippet:-1","max-image-preview":"max-image-preview:large","max-video-preview":"max-video-preview:-1"},"canonical":"https:\/\/www.okzt.at\/en\/news-en\/opening-ok-kunzt-season-3\/","og_locale":"en_US","og_type":"article","og_title":"Opening OK.KunZT Season 3 - OK Civil Engineers","og_description":"Er\u00f6ffnung OK.KunZT Season 3 Am Samstag, den 7. Oktober 2023, fand im Rahmen der Lange Nacht der Museen die Er\u00f6ffnung unserer dritten Ausstellungsreihe von OK.KunZT statt. F\u00fcr OK.KunZT Season 3 ziert ab sofort die\u00a0begehbare Rauminstallation von Darja Shatalova mit &gt;WAKING UP (AFTER 1030 DAYS)&lt; die Eingangshalle unseres B\u00fcrogeb\u00e4udes. Die Ausstellung stellt eine installative \u00dcbersetzung von [&hellip;]","og_url":"https:\/\/www.okzt.at\/en\/news-en\/opening-ok-kunzt-season-3\/","og_site_name":"OK Civil Engineers","article_published_time":"2023-10-11T09:08:27+00:00","article_modified_time":"2023-10-31T11:15:54+00:00","og_image":[{"width":2560,"height":1710,"url":"https:\/\/www.okzt.at\/wp-content\/uploads\/2023\/10\/Schaflechner-Peter_FotoDSC09591-scaled.jpg","type":"image\/jpeg"}],"author":"Anna Brandreact","twitter_card":"summary_large_image","twitter_misc":{"Written by":"Anna Brandreact","Est. reading time":"4 minutes"},"schema":{"@context":"https:\/\/schema.org","@graph":[{"@type":"Article","@id":"https:\/\/www.okzt.at\/en\/news-en\/opening-ok-kunzt-season-3\/#article","isPartOf":{"@id":"https:\/\/www.okzt.at\/en\/news-en\/opening-ok-kunzt-season-3\/"},"author":{"name":"Anna Brandreact","@id":"https:\/\/www.okzt.at\/#\/schema\/person\/2e634be282602cba1bd8b6e6df2bd94d"},"headline":"Opening OK.KunZT Season 3","datePublished":"2023-10-11T09:08:27+00:00","dateModified":"2023-10-31T11:15:54+00:00","mainEntityOfPage":{"@id":"https:\/\/www.okzt.at\/en\/news-en\/opening-ok-kunzt-season-3\/"},"wordCount":818,"publisher":{"@id":"https:\/\/www.okzt.at\/#organization"},"image":{"@id":"https:\/\/www.okzt.at\/en\/news-en\/opening-ok-kunzt-season-3\/#primaryimage"},"thumbnailUrl":"https:\/\/www.okzt.at\/wp-content\/uploads\/2023\/10\/Schaflechner-Peter_FotoDSC09591-scaled.jpg","articleSection":["News"],"inLanguage":"en-US"},{"@type":"WebPage","@id":"https:\/\/www.okzt.at\/en\/news-en\/opening-ok-kunzt-season-3\/","url":"https:\/\/www.okzt.at\/en\/news-en\/opening-ok-kunzt-season-3\/","name":"Opening OK.KunZT Season 3 - OK Civil Engineers","isPartOf":{"@id":"https:\/\/www.okzt.at\/#website"},"primaryImageOfPage":{"@id":"https:\/\/www.okzt.at\/en\/news-en\/opening-ok-kunzt-season-3\/#primaryimage"},"image":{"@id":"https:\/\/www.okzt.at\/en\/news-en\/opening-ok-kunzt-season-3\/#primaryimage"},"thumbnailUrl":"https:\/\/www.okzt.at\/wp-content\/uploads\/2023\/10\/Schaflechner-Peter_FotoDSC09591-scaled.jpg","datePublished":"2023-10-11T09:08:27+00:00","dateModified":"2023-10-31T11:15:54+00:00","breadcrumb":{"@id":"https:\/\/www.okzt.at\/en\/news-en\/opening-ok-kunzt-season-3\/#breadcrumb"},"inLanguage":"en-US","potentialAction":[{"@type":"ReadAction","target":["https:\/\/www.okzt.at\/en\/news-en\/opening-ok-kunzt-season-3\/"]}]},{"@type":"ImageObject","inLanguage":"en-US","@id":"https:\/\/www.okzt.at\/en\/news-en\/opening-ok-kunzt-season-3\/#primaryimage","url":"https:\/\/www.okzt.at\/wp-content\/uploads\/2023\/10\/Schaflechner-Peter_FotoDSC09591-scaled.jpg","contentUrl":"https:\/\/www.okzt.at\/wp-content\/uploads\/2023\/10\/Schaflechner-Peter_FotoDSC09591-scaled.jpg","width":2560,"height":1710,"caption":"Er\u00f6ffnung OK.KunZT Season 3"},{"@type":"BreadcrumbList","@id":"https:\/\/www.okzt.at\/en\/news-en\/opening-ok-kunzt-season-3\/#breadcrumb","itemListElement":[{"@type":"ListItem","position":1,"name":"Home","item":"https:\/\/www.okzt.at\/"},{"@type":"ListItem","position":2,"name":"Opening OK.KunZT Season 3"}]},{"@type":"WebSite","@id":"https:\/\/www.okzt.at\/#website","url":"https:\/\/www.okzt.at\/","name":"OK Ziviltechniker","description":"Every Project Has Its Genesis","publisher":{"@id":"https:\/\/www.okzt.at\/#organization"},"potentialAction":[{"@type":"SearchAction","target":{"@type":"EntryPoint","urlTemplate":"https:\/\/www.okzt.at\/?s={search_term_string}"},"query-input":{"@type":"PropertyValueSpecification","valueRequired":true,"valueName":"search_term_string"}}],"inLanguage":"en-US"},{"@type":"Organization","@id":"https:\/\/www.okzt.at\/#organization","name":"OK Ziviltechniker","url":"https:\/\/www.okzt.at\/","logo":{"@type":"ImageObject","inLanguage":"en-US","@id":"https:\/\/www.okzt.at\/#\/schema\/logo\/image\/","url":"https:\/\/www.okzt.at\/wp-content\/uploads\/2023\/06\/OK_logo-1.png","contentUrl":"https:\/\/www.okzt.at\/wp-content\/uploads\/2023\/06\/OK_logo-1.png","width":122,"height":70,"caption":"OK Ziviltechniker"},"image":{"@id":"https:\/\/www.okzt.at\/#\/schema\/logo\/image\/"},"sameAs":["https:\/\/www.linkedin.com\/company\/ok-zt-gmbh\/","https:\/\/www.instagram.com\/okzt_gmbh"]},{"@type":"Person","@id":"https:\/\/www.okzt.at\/#\/schema\/person\/2e634be282602cba1bd8b6e6df2bd94d","name":"Anna Brandreact","image":{"@type":"ImageObject","inLanguage":"en-US","@id":"https:\/\/secure.gravatar.com\/avatar\/24955ab7969873d1bc632b73544e079bc822d7f4bbae31f966976b4227aa2f92?s=96&d=mm&r=g","url":"https:\/\/secure.gravatar.com\/avatar\/24955ab7969873d1bc632b73544e079bc822d7f4bbae31f966976b4227aa2f92?s=96&d=mm&r=g","contentUrl":"https:\/\/secure.gravatar.com\/avatar\/24955ab7969873d1bc632b73544e079bc822d7f4bbae31f966976b4227aa2f92?s=96&d=mm&r=g","caption":"Anna Brandreact"},"url":"https:\/\/www.okzt.at\/en\/author\/annabr\/"}]}},"_links":{"self":[{"href":"https:\/\/www.okzt.at\/en\/wp-json\/wp\/v2\/posts\/4295","targetHints":{"allow":["GET"]}}],"collection":[{"href":"https:\/\/www.okzt.at\/en\/wp-json\/wp\/v2\/posts"}],"about":[{"href":"https:\/\/www.okzt.at\/en\/wp-json\/wp\/v2\/types\/post"}],"author":[{"embeddable":true,"href":"https:\/\/www.okzt.at\/en\/wp-json\/wp\/v2\/users\/5"}],"replies":[{"embeddable":true,"href":"https:\/\/www.okzt.at\/en\/wp-json\/wp\/v2\/comments?post=4295"}],"version-history":[{"count":7,"href":"https:\/\/www.okzt.at\/en\/wp-json\/wp\/v2\/posts\/4295\/revisions"}],"predecessor-version":[{"id":4694,"href":"https:\/\/www.okzt.at\/en\/wp-json\/wp\/v2\/posts\/4295\/revisions\/4694"}],"wp:featuredmedia":[{"embeddable":true,"href":"https:\/\/www.okzt.at\/en\/wp-json\/wp\/v2\/media\/4283"}],"wp:attachment":[{"href":"https:\/\/www.okzt.at\/en\/wp-json\/wp\/v2\/media?parent=4295"}],"wp:term":[{"taxonomy":"category","embeddable":true,"href":"https:\/\/www.okzt.at\/en\/wp-json\/wp\/v2\/categories?post=4295"},{"taxonomy":"post_tag","embeddable":true,"href":"https:\/\/www.okzt.at\/en\/wp-json\/wp\/v2\/tags?post=4295"}],"curies":[{"name":"wp","href":"https:\/\/api.w.org\/{rel}","templated":true}]}}